{"id":310,"date":"2023-05-18T08:05:49","date_gmt":"2023-05-18T08:05:49","guid":{"rendered":"http:\/\/www.preixy.fr\/garde\/?p=310"},"modified":"2024-05-05T09:07:02","modified_gmt":"2024-05-05T09:07:02","slug":"dimanche-21-mai-2023-journee-de-cloture-annuelle","status":"publish","type":"post","link":"https:\/\/www.preixy.fr\/garde\/2023\/05\/18\/dimanche-21-mai-2023-journee-de-cloture-annuelle\/","title":{"rendered":"Dimanche 21 mai 2023 &#8211; Journ\u00e9e de cl\u00f4ture annuelle"},"content":{"rendered":"<p>Le dimanche 21 mai apr\u00e8s-midi, nous proposons une apr\u00e8s midi r\u00e9cr\u00e9ative pour cl\u00f4turer la saison 2022\/2023.<\/p>\n<p>Au programme pour ceux qui le souhaite \u00e0 partir de 14h :<\/p>\n<p>P\u00e9tanque, Tennis de table, jeux en bois, belote au foyer, salle du bas.<\/p>\n<p>Exposition de peintures \u00e0 l&rsquo;huile de BERTRAND Robert<\/p>\n<p>Exposition d&rsquo;une maquette grande taille de l&rsquo;\u00e9glise de Preixan r\u00e9alis\u00e9e en bois par FONS Jean<\/p>\n<p>Nous cl\u00f4turerons la journ\u00e9e par un ap\u00e9ritif.<\/p>\n","protected":false},"excerpt":{"rendered":"<p>Le dimanche 21 mai apr\u00e8s-midi, nous proposons une apr\u00e8s midi r\u00e9cr\u00e9ative pour cl\u00f4turer la saison 2022\/2023. Au programme pour ceux qui le souhaite \u00e0 partir de 14h : P\u00e9tanque, Tennis de table, jeux en bois, belote au foyer, salle du bas. Exposition de peintures \u00e0 l&rsquo;huile de BERTRAND Robert Exposition d&rsquo;une maquette grande taille de [&hellip;]<\/p>\n","protected":false},"author":1,"featured_media":144,"comment_status":"open","ping_status":"closed","sticky":false,"template":"","format":"standard","meta":{"pagelayer_contact_templates":[],"_pagelayer_content":"","footnotes":""},"categories":[3],"tags":[],"class_list":["post-310","post","type-post","status-publish","format-standard","has-post-thumbnail","hentry","category-generalites"],"_links":{"self":[{"href":"https:\/\/www.preixy.fr\/garde\/wp-json\/wp\/v2\/posts\/310","targetHints":{"allow":["GET"]}}],"collection":[{"href":"https:\/\/www.preixy.fr\/garde\/wp-json\/wp\/v2\/posts"}],"about":[{"href":"https:\/\/www.preixy.fr\/garde\/wp-json\/wp\/v2\/types\/post"}],"author":[{"embeddable":true,"href":"https:\/\/www.preixy.fr\/garde\/wp-json\/wp\/v2\/users\/1"}],"replies":[{"embeddable":true,"href":"https:\/\/www.preixy.fr\/garde\/wp-json\/wp\/v2\/comments?post=310"}],"version-history":[{"count":1,"href":"https:\/\/www.preixy.fr\/garde\/wp-json\/wp\/v2\/posts\/310\/revisions"}],"predecessor-version":[{"id":311,"href":"https:\/\/www.preixy.fr\/garde\/wp-json\/wp\/v2\/posts\/310\/revisions\/311"}],"wp:featuredmedia":[{"embeddable":true,"href":"https:\/\/www.preixy.fr\/garde\/wp-json\/wp\/v2\/media\/144"}],"wp:attachment":[{"href":"https:\/\/www.preixy.fr\/garde\/wp-json\/wp\/v2\/media?parent=310"}],"wp:term":[{"taxonomy":"category","embeddable":true,"href":"https:\/\/www.preixy.fr\/garde\/wp-json\/wp\/v2\/categories?post=310"},{"taxonomy":"post_tag","embeddable":true,"href":"https:\/\/www.preixy.fr\/garde\/wp-json\/wp\/v2\/tags?post=310"}],"curies":[{"name":"wp","href":"https:\/\/api.w.org\/{rel}","templated":true}]}}